{"id":108,"date":"2009-04-23T00:32:22","date_gmt":"2009-04-23T00:32:22","guid":{"rendered":"https:\/\/www.china-heatpump.com\/2009\/04\/23\/official-launch-of-the-klimaaktiv-programme-wrmepumpe-at-energiesparemesse-wels-news-108\/"},"modified":"2009-04-23T00:32:22","modified_gmt":"2009-04-23T00:32:22","slug":"official-launch-of-the-klimaaktiv-programme-wrmepumpe-at-energiesparemesse-wels-news-108","status":"publish","type":"post","link":"https:\/\/www.china-heatpump.com\/fr\/official-launch-of-the-klimaaktiv-programme-wrmepumpe-at-energiesparemesse-wels-news-108\/","title":{"rendered":"Lancement officiel du programme klima:aktiv \"w\u00e4rmepumpe\" au salon Energiesparemesse - Wels-news-108"},"content":{"rendered":"<p>mai. 19, 2006 - <b><b>Autriche<\/b> - klima:aktiv est l'initiative de protection du climat du minist\u00e8re f\u00e9d\u00e9ral de l'agriculture, des for\u00eats, de l'environnement et de la gestion de l'eau. Le ministre f\u00e9d\u00e9ral Josef Pr\u00f6ll d\u00e9crit la vision de klima:aktiv comme suit : \"Qu'il s'agisse de construire, de vivre, de reconstruire ou de conduire, notre mode de vie a des effets consid\u00e9rables sur notre climat. Pour le prot\u00e9ger, nous devons r\u00e9duire les \u00e9missions de CO<sub>2<\/sub> rapidement.<\/b><\/p>\n<p class=\"parastd\">Le deuxi\u00e8me jour du salon Energiesparmesse, le ministre f\u00e9d\u00e9ral autrichien Josef Pr\u00f6ll a officiellement lanc\u00e9 le programme \"w\u00e4rmepumpe\".  Le ministre a visit\u00e9 le salon et s'est particuli\u00e8rement int\u00e9ress\u00e9 aux syst\u00e8mes modernes de pompes \u00e0 chaleur. Il a soulign\u00e9 que \"l'un des principaux objectifs du programme klima:aktiv \"w\u00e4rmepumpe\" est de promouvoir un syst\u00e8me de chauffage efficace et respectueux de l'environnement. D'une part, cela renforce notre march\u00e9 national des pompes \u00e0 chaleur et stimule la comp\u00e9titivit\u00e9 de ce secteur industriel, d'autre part, les consommateurs autrichiens b\u00e9n\u00e9ficient de produits de haute qualit\u00e9\". <\/p>\n<p class=\"parastd\">\n<p class=\"parastd\"><a href=\"\/fr\/script\/tool\/forg\/doc52\/klima_aktiv_En.pdf\/\" target=\"_blank\" ><\/p>","protected":false},"excerpt":{"rendered":"<p>May. 19, 2006 &#8211; Austria &#8211; klima:aktiv is the climate protection initiative of the Federal Ministry of Agriculture, Forestry, Environment and Water Management. Federal minister &#8211; Josef Pr&ouml;ll -describes the vision of klima:aktiv as follows: &#8220;Whether it is building, living, reconstruction or driving &#8211; our life style has dramatic effects on our climate. To protect<span class=\"excerpt-hellip\"> [...]<\/span><\/p>","protected":false},"author":2,"featured_media":0,"comment_status":"open","ping_status":"open","sticky":false,"template":"","format":"standard","meta":{"footnotes":""},"categories":[29],"tags":[28],"class_list":["post-108","post","type-post","status-publish","format-standard","hentry","category-heating-knowledge","tag-heat-pump"],"_links":{"self":[{"href":"https:\/\/www.china-heatpump.com\/fr\/wp-json\/wp\/v2\/posts\/108","targetHints":{"allow":["GET"]}}],"collection":[{"href":"https:\/\/www.china-heatpump.com\/fr\/wp-json\/wp\/v2\/posts"}],"about":[{"href":"https:\/\/www.china-heatpump.com\/fr\/wp-json\/wp\/v2\/types\/post"}],"author":[{"embeddable":true,"href":"https:\/\/www.china-heatpump.com\/fr\/wp-json\/wp\/v2\/users\/2"}],"replies":[{"embeddable":true,"href":"https:\/\/www.china-heatpump.com\/fr\/wp-json\/wp\/v2\/comments?post=108"}],"version-history":[{"count":0,"href":"https:\/\/www.china-heatpump.com\/fr\/wp-json\/wp\/v2\/posts\/108\/revisions"}],"wp:attachment":[{"href":"https:\/\/www.china-heatpump.com\/fr\/wp-json\/wp\/v2\/media?parent=108"}],"wp:term":[{"taxonomy":"category","embeddable":true,"href":"https:\/\/www.china-heatpump.com\/fr\/wp-json\/wp\/v2\/categories?post=108"},{"taxonomy":"post_tag","embeddable":true,"href":"https:\/\/www.china-heatpump.com\/fr\/wp-json\/wp\/v2\/tags?post=108"}],"curies":[{"name":"wp","href":"https:\/\/api.w.org\/{rel}","templated":true}]}}