{"id":108,"date":"2009-04-23T00:32:22","date_gmt":"2009-04-23T00:32:22","guid":{"rendered":"https:\/\/www.china-heatpump.com\/2009\/04\/23\/official-launch-of-the-klimaaktiv-programme-wrmepumpe-at-energiesparemesse-wels-news-108\/"},"modified":"2009-04-23T00:32:22","modified_gmt":"2009-04-23T00:32:22","slug":"official-launch-of-the-klimaaktiv-programme-wrmepumpe-at-energiesparemesse-wels-news-108","status":"publish","type":"post","link":"https:\/\/www.china-heatpump.com\/de\/official-launch-of-the-klimaaktiv-programme-wrmepumpe-at-energiesparemesse-wels-news-108\/","title":{"rendered":"Offizieller Start des klima:aktiv Programms \"w\u00e4rmepumpe\" auf der Energiesparemesse - Wels-news-108"},"content":{"rendered":"<p>Mai. 19, 2006 - <b><b>\u00d6sterreich<\/b> - klima:aktiv ist die Klimaschutzinitiative des Bundesministeriums f\u00fcr Land- und Forstwirtschaft, Umwelt und Wasserwirtschaft. Bundesminister Josef Pr\u00f6ll umschreibt die Vision von klima:aktiv wie folgt: \"Ob Bauen, Wohnen, Sanieren oder Autofahren - unser Lebensstil hat dramatische Auswirkungen auf unser Klima. Um es zu sch\u00fctzen, m\u00fcssen wir die CO<sub>2<\/sub> Emissionen rasch zu reduzieren.<\/b><\/p>\n<p class=\"parastd\">Am zweiten Tag der erfolgreichen Energiesparmesse gab \u00d6sterreichs Bundesminister DI Josef Pr\u00f6ll den offiziellen Startschuss f\u00fcr das Programm \"w\u00e4rmepumpe\".  Der Minister besuchte die Messe und interessierte sich besonders f\u00fcr moderne W\u00e4rmepumpensysteme. Er betonte: \"Ein wesentliches Ziel im Rahmen des Programms klima:aktiv \"w\u00e4rmepumpe\" ist die F\u00f6rderung eines umweltfreundlichen und effektiven Heizsystems. Das st\u00e4rkt einerseits den heimischen W\u00e4rmepumpenmarkt und die Wettbewerbsf\u00e4higkeit der Branche, andererseits profitieren die \u00f6sterreichischen Konsumenten von qualitativ hochwertigen Produkten\". <\/p>\n<p class=\"parastd\">\n<p class=\"parastd\"><a href=\"\/de\/script\/tool\/forg\/doc52\/klima_aktiv_En.pdf\/\" target=\"_blank\" ><\/p>","protected":false},"excerpt":{"rendered":"<p>May. 19, 2006 &#8211; Austria &#8211; klima:aktiv is the climate protection initiative of the Federal Ministry of Agriculture, Forestry, Environment and Water Management. Federal minister &#8211; Josef Pr&ouml;ll -describes the vision of klima:aktiv as follows: &#8220;Whether it is building, living, reconstruction or driving &#8211; our life style has dramatic effects on our climate. To protect<span class=\"excerpt-hellip\"> [...]<\/span><\/p>","protected":false},"author":2,"featured_media":0,"comment_status":"open","ping_status":"open","sticky":false,"template":"","format":"standard","meta":{"footnotes":""},"categories":[29],"tags":[28],"class_list":["post-108","post","type-post","status-publish","format-standard","hentry","category-heating-knowledge","tag-heat-pump"],"_links":{"self":[{"href":"https:\/\/www.china-heatpump.com\/de\/wp-json\/wp\/v2\/posts\/108","targetHints":{"allow":["GET"]}}],"collection":[{"href":"https:\/\/www.china-heatpump.com\/de\/wp-json\/wp\/v2\/posts"}],"about":[{"href":"https:\/\/www.china-heatpump.com\/de\/wp-json\/wp\/v2\/types\/post"}],"author":[{"embeddable":true,"href":"https:\/\/www.china-heatpump.com\/de\/wp-json\/wp\/v2\/users\/2"}],"replies":[{"embeddable":true,"href":"https:\/\/www.china-heatpump.com\/de\/wp-json\/wp\/v2\/comments?post=108"}],"version-history":[{"count":0,"href":"https:\/\/www.china-heatpump.com\/de\/wp-json\/wp\/v2\/posts\/108\/revisions"}],"wp:attachment":[{"href":"https:\/\/www.china-heatpump.com\/de\/wp-json\/wp\/v2\/media?parent=108"}],"wp:term":[{"taxonomy":"category","embeddable":true,"href":"https:\/\/www.china-heatpump.com\/de\/wp-json\/wp\/v2\/categories?post=108"},{"taxonomy":"post_tag","embeddable":true,"href":"https:\/\/www.china-heatpump.com\/de\/wp-json\/wp\/v2\/tags?post=108"}],"curies":[{"name":"wp","href":"https:\/\/api.w.org\/{rel}","templated":true}]}}